{"id":105309,"date":"2024-10-22T08:36:56","date_gmt":"2024-10-22T08:36:56","guid":{"rendered":"https:\/\/apneacanarias.com\/?p=105309"},"modified":"2024-12-18T12:43:57","modified_gmt":"2024-12-18T12:43:57","slug":"la-compensacion-en-apnea-i","status":"publish","type":"post","link":"https:\/\/apneacanarias.com\/es\/la-compensacion-en-apnea-i\/","title":{"rendered":"La compensaci\u00f3n en Apnea I"},"content":{"rendered":"\n<div class=\"wp-block-uagb-container uagb-block-t3opc5cv alignfull uagb-is-root-container\"><div class=\"uagb-container-inner-blocks-wrap\">\n<div class=\"wp-block-uagb-info-box uagb-block-78ghlwib uagb-infobox__content-wrap  uagb-infobox-icon-above-title uagb-infobox-image-valign-top\"><div class=\"uagb-ifb-content\"><div class=\"uagb-ifb-title-wrap\"><h1 class=\"uagb-ifb-title\">La compensaci\u00f3n en Apnea I<\/h1><\/div><\/div><\/div>\n<\/div><\/div>\n\n\n\n<div class=\"wp-block-uagb-container uagb-block-4a48c962 alignfull uagb-is-root-container\"><div class=\"uagb-container-inner-blocks-wrap\">\n<p>La compensaci\u00f3n es uno de los tema m\u00e1s interesantes y demandados por apne\u00edstas y buceadores. <\/p>\n\n\n\n<div class=\"wp-block-uagb-advanced-heading uagb-block-a1a436b8\"><h2 class=\"uagb-heading-text\">Cuantas veces nos han preguntado: \u00bfpero no te duelen los o\u00eddos cuando bajas? <\/h2><\/div>\n\n\n\n<p>Para resolver esta duda, en este art\u00edculo hablaremos de la anatom\u00eda del o\u00eddo y los senos paransales, conoceremos las t\u00e9cnicas de compensaci\u00f3n y como ejecutarlas, as\u00ed como posibles riesgos por un fallo de compensaci\u00f3n y como tratar\u00a0 de evitarlos.<\/p>\n\n\n\n<p>Antes de nada\u00a0 es imprescindible conocer la <em>ley de Boyle<\/em> para entender que le suceden a los espacios de aire una vez iniciamos el descenso. <\/p>\n\n\n\n<p><strong>Ley de Boyle: <\/strong><\/p>\n\n\n\n<blockquote class=\"wp-block-quote is-layout-flow wp-block-quote-is-layout-flow\">\n<p>\u00abA temperatura constante, el volumen de un gas es inversamente proporcional a la presi\u00f3n absoluta\u00bb.\u00a0<\/p>\n<\/blockquote>\n\n\n\n<p>En el siguiente cuadro podemos observar que a nivel del mar, la presi\u00f3n total es de 1 atm\u00f3sfera (peso de la columna de aire), por lo tanto el volumen de nuestros pulmones, es igual al volumen total. <\/p>\n\n\n\n<p>A medida que descendemos, cada 10 metros aumenta 1 atm\u00f3sfera, por lo que la presi\u00f3n ser\u00e1 el doble que en superficie (2 atm\u00f3sferas) y por lo tanto nuestro pulm\u00f3n disminuir\u00e1 a la mitad.\u00a0<\/p>\n\n\n\n<p>Pongamos el ejemplo de un apne\u00edsta que tiene 6 litros de volumen total. Una vez inicie el descenso, a s\u00f3lo 10 metros de profundidad el volumen de sus pulmones se reducir\u00e1 a la mitad (3 litros). <\/p>\n\n\n\n<p>A 20 metros donde hay 3 atm\u00f3sferas de presi\u00f3n (1 atm por cada 10 metros + 1 atm de la superficie), el pulm\u00f3n se reducir\u00e1 en 1\/3 por lo que tendr\u00e1 un volumen total de 2 litros, y as\u00ed sucesivamente.<\/p>\n\n\n\n<p><img loading=\"lazy\" decoding=\"async\" src=\"https:\/\/lh7-rt.googleusercontent.com\/docsz\/AD_4nXdU0vc8usrzc0po0V2rnAKNIoUiPnywNMxJ5G1jQNOc6fZyNR6LYlFLuE0PaW8fdweSxmdlXzdsg6x1_Cc44-mg2bxyLSxmjRm7qLMCkIo6H0PqsLDAeSmLD-YsGb1y8IcUrQYrUJvBPO6GoPnozbchK-1evu57wnjB6iwGY0DKKBFGbRd6xuY?key=tvVYjBKUO-yL7M9d2aC99w\" width=\"576\" height=\"385\"><\/p>\n\n\n\n<p>Debido al efecto de la presi\u00f3n, los espacios de aire de nuestro cuerpo se comprimen de forma proporcional a la presi\u00f3n externa. <\/p>\n\n\n\n<p>Dicho de otra manera, nuestros pulmones, senos paranasales, trompas de Eustaquio, o\u00eddo medio, y en el caso de la apnea, la m\u00e1scara, se comprimen disminuyendo su volumen a medida que descendemos, por lo que debemos compensar la presi\u00f3n externa insuflando aire sobre los mismos.<\/p>\n\n\n\n<div class=\"wp-block-uagb-container uagb-block-37d1e26b\">\n<div class=\"wp-block-uagb-icon-list uagb-block-c1d3075a\"><div class=\"uagb-icon-list__wrap\">\n<div class=\"wp-block-uagb-icon-list-child uagb-block-ae98dac8\"><a target=\"_blank\" aria-label=\"Cursos de iniciaci\u00f3n de Apnea en Tenerife\" rel=\"noopener noreferrer\" href=\"#\"> <\/a><span class=\"uagb-icon-list__source-wrap\"><svg xmlns=\"https:\/\/www.w3.org\/2000\/svg\" viewBox=\"0 0 320 512\"><path d=\"M96 480c-8.188 0-16.38-3.125-22.62-9.375c-12.5-12.5-12.5-32.75 0-45.25L242.8 256L73.38 86.63c-12.5-12.5-12.5-32.75 0-45.25s32.75-12.5 45.25 0l192 192c12.5 12.5 12.5 32.75 0 45.25l-192 192C112.4 476.9 104.2 480 96 480z\"><\/path><\/svg><\/span><span class=\"uagb-icon-list__label\">Cursos de iniciaci\u00f3n de Apnea en Tenerife<\/span><\/div>\n<\/div><\/div>\n\n\n\n<div class=\"wp-block-uagb-buttons uagb-buttons__outer-wrap uagb-btn__large-btn uagb-btn-tablet__default-btn uagb-btn-mobile__default-btn uagb-block-a88e87c9\"><div class=\"uagb-buttons__wrap uagb-buttons-layout-wrap \">\n<div class=\"wp-block-uagb-buttons-child uagb-buttons__outer-wrap uagb-block-eb1611f7 wp-block-button\"><div class=\"uagb-button__wrapper\"><a class=\"uagb-buttons-repeater wp-block-button__link\" aria-label=\"\" href=\"\/nuestros-cursos-de-apnea\/\" rel=\"follow noopener\" target=\"_self\" role=\"button\"><div class=\"uagb-button__link\">CURSOS APNEA<\/div><\/a><\/div><\/div>\n<\/div><\/div>\n<\/div>\n\n\n\n<div class=\"wp-block-uagb-advanced-heading uagb-block-60afebe1\"><h3 class=\"uagb-heading-text\"><strong>Los pulmones<\/strong><\/h3><\/div>\n\n\n\n<p>Los pulmones al ser un \u00f3rgano flexible que se comprime y expande de forma natural, se adapta perfectamente a la presi\u00f3n ejercida, por lo que no es necesario compensarlos. De todos modos debemos ganar flexibilidad pulmonar para poder descender grandes profundidades sin sufrir un barotrauma.<\/p>\n\n\n\n<div class=\"wp-block-uagb-advanced-heading uagb-block-7c9cf403\"><h3 class=\"uagb-heading-text\"><strong>Los senos frontales y paranasales<\/strong><\/h3><\/div>\n\n\n\n<p>Los huesos faciales contienen cuatro grupos de espacios huecos llamados senos paranasales. <\/p>\n\n\n\n<p>Los espacios llenos de aire de la nariz y senos a\u00f1aden resonancia a la voz y la hacen la cabeza m\u00e1s ligera. <\/p>\n\n\n\n<p>Como la cavidad nasal, los senos producen mucosidad para atrapar la suciedad y luego expulsarla a trav\u00e9s de las peque\u00f1as aperturas de los senos.<\/p>\n\n\n\n<p><img loading=\"lazy\" decoding=\"async\" width=\"149\" height=\"192\" src=\"https:\/\/lh7-rt.googleusercontent.com\/docsz\/AD_4nXf7okZ9aeIgIXIvpCvD27Hm1t6BYhrJjPakSMOJitCF_m8WGlctzst-sgtzY5xQcLeW8anhBkm3BnrHvSY6f_0qvUO3PdYJw7uCUTeYwBeAjyB44vFPBCElgrYb3uMroC35XJ4Z4r7ShB1YUum166zvVX0MOWfq1R-FtCyN4KmUwXTCTXhY7A?key=tvVYjBKUO-yL7M9d2aC99w\"><\/p>\n\n\n\n<p>Los senos paranasales se bloquean cuando la mucosidad no es eliminada a la velocidad que es producida. Esto puede ser causado por diferentes razones:<br><img loading=\"lazy\" decoding=\"async\" src=\"https:\/\/lh7-rt.googleusercontent.com\/docsz\/AD_4nXd9WEHw9KvArR3is0Ve9zsDihziTygFVF8EZU0i4FD2MZN3VuUA-QYIImrVBH1cbzb2KnreLkLglopvQ_vXsL5xzFbtsBdg99chjx0kQQ3U0Cw2KjQlpQknlWObl41mWMHuWSjDg7JGWniegX0Nbj4MDsmkz9zkNxGbCDiqDiXKRFWk08BSy_I?key=tvVYjBKUO-yL7M9d2aC99w\" width=\"375\" height=\"310\"><\/p>\n\n\n\n<ul class=\"wp-block-list\">\n<li>Resfriados y alergias<\/li>\n\n\n\n<li>Exposici\u00f3n continuada a irritantes tales como humo o productos qu\u00edmicos<\/li>\n\n\n\n<li>Aire seco (seca el moco haci\u00e9ndolo m\u00e1s pegajoso y m\u00e1s dif\u00edcil de expulsar)\u200f<\/li>\n\n\n\n<li>Productos l\u00e1cteos (aumentan la producci\u00f3n de mucosidad)\u200f<\/li>\n<\/ul>\n\n\n\n<p>Los senos frontales y paranasales se compensan de forma autom\u00e1tica cada vez que compensamos los o\u00eddos, por lo que si no est\u00e1n bloqueados por la mucosidad no debemos realizar ninguna t\u00e9cnica espec\u00edfica.<\/p>\n\n\n\n<div class=\"wp-block-uagb-advanced-heading uagb-block-b41e0dc8\"><h3 class=\"uagb-heading-text\"><strong>La M\u00e1scara<\/strong><\/h3><\/div>\n\n\n\n<p>En apnea es imprescindible el uso de la m\u00e1scara, por lo que forma parte de los espacios de aire que debemos compensar. <\/p>\n\n\n\n<p>Con una ligera exhalaci\u00f3n por la nariz compensaremos la presi\u00f3n ejercida sobre la m\u00e1scara. Es importante tener una m\u00e1scara de volumen reducido para no malgastar el aire que tenemos y siempre exhalar de forma sutil.<\/p>\n\n\n\n<div class=\"wp-block-uagb-advanced-heading uagb-block-937307ab\"><h3 class=\"uagb-heading-text\"><strong>Las Trompas de Eustaquio<\/strong><\/h3><\/div>\n\n\n\n<p>Una compensaci\u00f3n c\u00f3moda es posible gracias a las trompas de Eustaquio.\u00a0<\/p>\n\n\n\n<p><img loading=\"lazy\" decoding=\"async\" width=\"263\" height=\"183\" src=\"https:\/\/lh7-rt.googleusercontent.com\/docsz\/AD_4nXfnneEBTNs9dYyVSD0FgOzI2sPw_LmHhxsLtSFzvuidf-Obt0Xl1ou7eXIZ0nrDVjE6bPr6c9k51k81W1cl2ix6d1Bkt6NJDzo_KoeyDVQhk-k1TgxoR9FCKKE-hO2sCUCptP66dyuQfmR5NZKrXtus0wpnUbd5T2Lw2oVBNPDQcSDKTXkQp6k?key=tvVYjBKUO-yL7M9d2aC99w\"><\/p>\n\n\n\n<p>Este tubo no s\u00f3lo conduce el aire para compensar al o\u00eddo medio, sino tambi\u00e9n permite el drenaje de las secreciones mucosas desde este espacio. <\/p>\n\n\n\n<p>Est\u00e1 situado en la parte superior de la garganta y aproximadamente a la altura\u00a0 de los orificios nasales. Est\u00e1 formado en un 50% por hueso y en un 50% por una membrana carnosa que a su vez est\u00e1 parcialmente envuelta por un cart\u00edlago en forma de C. <\/p>\n\n\n\n<p>Este cart\u00edlago permite que el tubo est\u00e9 influido no s\u00f3lo por la propia gravedad cuando se desciende cabeza abajo, sino por el efecto de tragar y los cambios de presi\u00f3n originados desde el sistema respiratorio durante la compensaci\u00f3n.<\/p>\n\n\n\n<p>Este tubo se encuentra normalmente cerrado aunque con algunos movimientos de mand\u00edbula (como tragar) se abre y cierra, lo que produce ese sonido t\u00edpico que se puedo o\u00edr dentro de los o\u00eddos al comer o beber.<\/p>\n\n\n\n<p>La flexibilidad (tama\u00f1o, forma, di\u00e1metro) del tubo var\u00eda de un apne\u00edsta a otro por lo que algunas personas nunca tienen ning\u00fan problema de compensaci\u00f3n. <\/p>\n\n\n\n<p>Sin embargo, la mayor\u00eda de los apne\u00edstas son poco tolerantes a los cambios de presi\u00f3n y tienen que enviar un suave soplo de aire a las trompas para generar una sobre presi\u00f3n tanto en el o\u00eddo medio como en los senos paranasales\u00a0 para compensar la presi\u00f3n.<\/p>\n\n\n\n<div class=\"wp-block-uagb-container uagb-block-e3d96525\">\n<div class=\"wp-block-uagb-image uagb-block-01d14f8e wp-block-uagb-image--layout-default wp-block-uagb-image--effect-static wp-block-uagb-image--align-none\"><figure class=\"wp-block-uagb-image__figure\"><img decoding=\"async\" srcset=\"https:\/\/apneacanarias.com\/wp-content\/uploads\/2024\/07\/DSC05587f-683x1024.jpg ,https:\/\/apneacanarias.com\/wp-content\/uploads\/2024\/07\/DSC05587f-scaled.jpg 780w, https:\/\/apneacanarias.com\/wp-content\/uploads\/2024\/07\/DSC05587f-scaled.jpg 360w\" sizes=\"(max-width: 480px) 150px\" src=\"https:\/\/apneacanarias.com\/wp-content\/uploads\/2024\/07\/DSC05587f-683x1024.jpg\" alt=\"hombre realizando apnea en tenerife con aletas y mascara de buceo\" class=\"uag-image-105000\" width=\"683\" height=\"1024\" title=\"apnea canarias tenerife\" loading=\"lazy\" role=\"img\"\/><\/figure><\/div>\n<\/div>\n\n\n\n<p><strong>El O\u00eddo Medio<\/strong><\/p>\n\n\n\n<p>El o\u00eddo se divide en 3 partes:<\/p>\n\n\n\n<p><img loading=\"lazy\" decoding=\"async\" width=\"260\" height=\"312\" src=\"https:\/\/lh7-rt.googleusercontent.com\/docsz\/AD_4nXe5iumwOrrPwMc-_GAJVUxcY9RIcbZuDbYgp0pAxGiMFuI8TJy1Ka2YxwGLt5f0RuM_mighQdwG94pAbS3zO_HOFmR8_h4q6ZA0Qq-OUOXWFk0vgjrxToggvi2XeF8e4gS_FG2Wrfj_LTUzGCKKxJi3pX7NP0-JHezhcnb8-FkZ-kzOOUEjZgY?key=tvVYjBKUO-yL7M9d2aC99w\"><\/p>\n\n\n\n<ul class=\"wp-block-list\">\n<li>El <strong>o\u00eddo externo<\/strong> es la parte visible consistente en la aur\u00edcula y el canal auditivo<\/li>\n\n\n\n<li>El <strong>o\u00eddo interno<\/strong> es el \u00f3rgano auditivo en s\u00ed, lleno de fluido, por lo que no es necesaria su compensaci\u00f3n<\/li>\n\n\n\n<li>El <strong>o\u00eddo medio<\/strong> est\u00e1 lleno de aire para transmitir las vibraciones del o\u00eddo externo al interno. \u00c9sta es la parte que necesita ser compensada durante un buceo<\/li>\n<\/ul>\n\n\n\n<p>Durante la inmersi\u00f3n la presi\u00f3n aumenta comprimiendo el aire del o\u00eddo medio. <\/p>\n\n\n\n<p>Como resultado el t\u00edmpano es forzado hacia dentro reduciendo el espacio del o\u00eddo medio, por lo que el apne\u00edsta debe compensar esta presi\u00f3n dirigiendo aire al o\u00eddo medio a trav\u00e9s de las trompas de Eustaquio.<\/p>\n\n\n\n<div class=\"wp-block-uagb-advanced-heading uagb-block-05d8680e\"><h3 class=\"uagb-heading-text\"><strong>La Compensaci\u00f3n del O\u00eddo medio<\/strong><\/h3><\/div>\n\n\n\n<p>En un apne\u00edsta principiante, al descender cabeza abajo en la columna de agua, puede hacer que aumenten los problemas de compensaci\u00f3n. <\/p>\n\n\n\n<p>Al aletear, manteni\u00e9ndose en paralelo al cabo y cabeza abajo al dar el golpe de ri\u00f1\u00f3n, normalmente produce una desconcentraci\u00f3n en el proceso de la compensaci\u00f3n, por lo que es muy importante resolver cualquier problema potencial antes de entrar al agua.<\/p>\n\n\n\n<p>Apne\u00edstas principiantes pueden tener tubos de Eustaquio m\u00e1s peque\u00f1os \u2013 o parcialmente obstruidos \u2013 o a\u00fan no dominan las t\u00e9cnicas de compensaci\u00f3n. <\/p>\n\n\n\n<p>Por estos motivos, la primera compensaci\u00f3n debe realizarse en superficie antes del descenso.\u00a0<\/p>\n\n\n\n<p>Esto ayuda de dos maneras:&nbsp;<\/p>\n\n\n\n<p>La compensaci\u00f3n en superficie ayuda a previnir problemas potenciales de compensaci\u00f3n antes del descenso, proporcionando una almohada de aire detr\u00e1s del t\u00edmpano, haciendo m\u00e1s f\u00e1ciles las siguientes compensaciones.\u00a0<\/p>\n\n\n\n<p>Esto permite que el aire entre en los ya hinchados tubos de Eustaquio m\u00e1s f\u00e1cilmente durante el descenso. <\/p>\n\n\n\n<p>Sin la compensaci\u00f3n en superficie, la compresi\u00f3n por la presi\u00f3n puede hacer que los tubos de Eustaquio se mantengan cerrados en tan s\u00f3lo 1 metro de profundidad, obligando al apne\u00edsta a soplar m\u00e1s fuerte en el intento de volver a inflar los tubos de Eustaquio. <\/p>\n\n\n\n<div class=\"wp-block-uagb-container uagb-block-3ffe2a48\">\n<div class=\"wp-block-uagb-icon-list uagb-block-62ac0b6e\"><div class=\"uagb-icon-list__wrap\">\n<div class=\"wp-block-uagb-icon-list-child uagb-block-aac41295\"><a target=\"_blank\" aria-label=\"Cursos de de todos los niveles Apnea en Tenerife\" rel=\"noopener noreferrer\" href=\"#\"> <\/a><span class=\"uagb-icon-list__source-wrap\"><svg xmlns=\"https:\/\/www.w3.org\/2000\/svg\" viewBox=\"0 0 320 512\"><path d=\"M96 480c-8.188 0-16.38-3.125-22.62-9.375c-12.5-12.5-12.5-32.75 0-45.25L242.8 256L73.38 86.63c-12.5-12.5-12.5-32.75 0-45.25s32.75-12.5 45.25 0l192 192c12.5 12.5 12.5 32.75 0 45.25l-192 192C112.4 476.9 104.2 480 96 480z\"><\/path><\/svg><\/span><span class=\"uagb-icon-list__label\">Cursos de de todos los niveles Apnea en Tenerife<\/span><\/div>\n<\/div><\/div>\n\n\n\n<div class=\"wp-block-uagb-buttons uagb-buttons__outer-wrap uagb-btn__large-btn uagb-btn-tablet__default-btn uagb-btn-mobile__default-btn uagb-block-3bfbb32c\"><div class=\"uagb-buttons__wrap uagb-buttons-layout-wrap \">\n<div class=\"wp-block-uagb-buttons-child uagb-buttons__outer-wrap uagb-block-a5cc48ff wp-block-button\"><div class=\"uagb-button__wrapper\"><a class=\"uagb-buttons-repeater wp-block-button__link\" aria-label=\"\" href=\"\/nuestros-cursos-de-apnea\/\" rel=\"follow noopener\" target=\"_self\" role=\"button\"><div class=\"uagb-button__link\">CURSOS APNEA<\/div><\/a><\/div><\/div>\n<\/div><\/div>\n<\/div>\n\n\n\n<p>Una compensaci\u00f3n tard\u00eda produce que sea virtualmente imposible compensar y aumente el riesgo de barotrauma. Una compensaci\u00f3n previa en superficie es una medida de seguridad para evitar barotraumas que deben formar parte de la rutina antes del golpe de ri\u00f1\u00f3n.\u00a0<\/p>\n\n\n\n<div class=\"wp-block-uagb-advanced-heading uagb-block-a64b71b3\"><h3 class=\"uagb-heading-text\"><strong>Fisiolog\u00eda de la Compensaci\u00f3n<\/strong><\/h3><\/div>\n\n\n\n<p><img loading=\"lazy\" decoding=\"async\" width=\"551\" height=\"338\" src=\"https:\/\/lh7-rt.googleusercontent.com\/docsz\/AD_4nXeaptiHVdE2-wGn2WpPBz_BHlyIjZ8DGgsIgGC4JfJlBYplQ9iKJrDEzF2O2ETACYRtYwYo8RBQYzeFt_Kebonjd8Gh58zalp6mgOyN_WR81s5W2xHVuumQ4lH7YPDZqnpUQsIJe4isS-fu2Drh_QAiDHYcMSL2gW3BQtKhSabOqWZXZrct410?key=tvVYjBKUO-yL7M9d2aC99w\"><\/p>\n<\/div><\/div>\n","protected":false},"excerpt":{"rendered":"<p>La compensaci\u00f3n es uno de los tema m\u00e1s interesantes y demandados por apne\u00edstas y buceadores. Cuantas veces nos han preguntado: \u00bfpero no te duelen los o\u00eddos cuando bajas? Para resolver esta duda, en este art\u00edculo hablaremos de la anatom\u00eda del o\u00eddo y los senos paransales, conoceremos las t\u00e9cnicas de compensaci\u00f3n y como ejecutarlas, as\u00ed como [&hellip;]<\/p>\n","protected":false},"author":2,"featured_media":0,"comment_status":"open","ping_status":"open","sticky":false,"template":"","format":"standard","meta":{"_et_pb_use_builder":"off","_et_pb_old_content":"","_et_gb_content_width":"1080","om_disable_all_campaigns":false,"_uag_custom_page_level_css":"","_monsterinsights_skip_tracking":false,"_monsterinsights_sitenote_active":false,"_monsterinsights_sitenote_note":"","_monsterinsights_sitenote_category":0,"_joinchat":[],"footnotes":""},"categories":[69,1],"tags":[],"class_list":["post-105309","post","type-post","status-publish","format-standard","hentry","category-apnea-canarias","category-sin-categorizar"],"aioseo_notices":[],"uagb_featured_image_src":{"full":false,"thumbnail":false,"medium":false,"medium_large":false,"large":false,"1536x1536":false,"2048x2048":false,"et-pb-post-main-image":false,"et-pb-post-main-image-fullwidth":false,"et-pb-portfolio-image":false,"et-pb-portfolio-module-image":false,"et-pb-portfolio-image-single":false,"et-pb-gallery-module-image-portrait":false,"et-pb-post-main-image-fullwidth-large":false,"et-pb-image--responsive--desktop":false,"et-pb-image--responsive--tablet":false,"et-pb-image--responsive--phone":false},"uagb_author_info":{"display_name":"Rub\u00e9n L\u00f3pez","author_link":"https:\/\/apneacanarias.com\/es\/author\/ruben-teideseo\/"},"uagb_comment_info":0,"uagb_excerpt":"La compensaci\u00f3n es uno de los tema m\u00e1s interesantes y demandados por apne\u00edstas y buceadores. Cuantas veces nos han preguntado: \u00bfpero no te duelen los o\u00eddos cuando bajas? Para resolver esta duda, en este art\u00edculo hablaremos de la anatom\u00eda del o\u00eddo y los senos paransales, conoceremos las t\u00e9cnicas de compensaci\u00f3n y como ejecutarlas, as\u00ed como&hellip;","_links":{"self":[{"href":"https:\/\/apneacanarias.com\/es\/wp-json\/wp\/v2\/posts\/105309","targetHints":{"allow":["GET"]}}],"collection":[{"href":"https:\/\/apneacanarias.com\/es\/wp-json\/wp\/v2\/posts"}],"about":[{"href":"https:\/\/apneacanarias.com\/es\/wp-json\/wp\/v2\/types\/post"}],"author":[{"embeddable":true,"href":"https:\/\/apneacanarias.com\/es\/wp-json\/wp\/v2\/users\/2"}],"replies":[{"embeddable":true,"href":"https:\/\/apneacanarias.com\/es\/wp-json\/wp\/v2\/comments?post=105309"}],"version-history":[{"count":5,"href":"https:\/\/apneacanarias.com\/es\/wp-json\/wp\/v2\/posts\/105309\/revisions"}],"predecessor-version":[{"id":105325,"href":"https:\/\/apneacanarias.com\/es\/wp-json\/wp\/v2\/posts\/105309\/revisions\/105325"}],"wp:attachment":[{"href":"https:\/\/apneacanarias.com\/es\/wp-json\/wp\/v2\/media?parent=105309"}],"wp:term":[{"taxonomy":"category","embeddable":true,"href":"https:\/\/apneacanarias.com\/es\/wp-json\/wp\/v2\/categories?post=105309"},{"taxonomy":"post_tag","embeddable":true,"href":"https:\/\/apneacanarias.com\/es\/wp-json\/wp\/v2\/tags?post=105309"}],"curies":[{"name":"wp","href":"https:\/\/api.w.org\/{rel}","templated":true}]}}